{"id":1397,"date":"2021-11-29T15:24:00","date_gmt":"2021-11-29T14:24:00","guid":{"rendered":"https:\/\/licht.schule\/blog\/?p=1397"},"modified":"2021-11-29T15:26:02","modified_gmt":"2021-11-29T14:26:02","slug":"therese-frare-the-face-of-aids","status":"publish","type":"post","link":"https:\/\/www.licht.schule\/blog\/therese-frare-the-face-of-aids\/","title":{"rendered":"Therese Frare: Das Gesicht von AIDS"},"content":{"rendered":"\n<p>Seit 2020 wissen wir genau, wie sich eine unheimliche Viruserkrankung schnell ausbreiteten und zu Tod und Elend f\u00fchren kann. Als das HI-Virus auf die Weltb\u00fchne trat, passierten viele Dinge, die wir in der Corona-Pandemie auch gesehen gaben: Vorurteile, Verleugnung und Desinformation. Ohne eindrucksvolle Bilder, h\u00e4tten auch hierzulande mehr Menschen an dem neuartigen Corona-Virus sterben k\u00f6nnen, als sie es taten.<\/p>\n\n\n\n<p>Im November 1990 war die Welt noch eine sehr andere. Seit Jahren grassierte dieses unbekannte neue Virus, das von Politik und breiter \u00d6ffentlichkeit weitestgehend ignoriert worden war. Als das LIFE-Magazin zu diesem Zeitpunkt das Foto eines jungen Mannes namens David Kirby ver\u00f6ffentlichte, dessen K\u00f6rper von AIDS stark gezeichnet und dessen Blick auf etwas Jenseitiges gerichtet war, w\u00e4hrend er umgeben von besorgten Familienmitgliedern seine letzten Atemz\u00fcge tat, gab es endlich ein Gesicht zu der t\u00f6dlichen Krankheit, die durch HIV ausgel\u00f6st worden war. Das eindrucksvolle Foto von ihm auf seinem Sterbebett wurde von Journalistikstudentin Therese Frare aufgenommen. <\/p>\n\n\n\n<p>Millionen von Menschen auf der ganzen Welt waren zu dem Zeitpunkt bereits infiziert, viele von ihnen unwissentlich. Bilder wie dieses haben Menschlichkeit in die \u00f6ffentliche Debatte gebracht und Aktivismus f\u00fcr die Opfer gest\u00e4rkt. <\/p>\n\n\n\n<p>Die bewegende Geschichte dieses bedeutenden Bilds und viele weitere aus dieser Fotoarbeit findest Du in diesem <strong><a href=\"https:\/\/www.life.com\/history\/behind-the-picture-the-photo-that-changed-the-face-of-aids\/\" target=\"_blank\" rel=\"noopener\">Interview mit der Fotografin von Ben Cosgrove auf LIFE.com<\/a><\/strong>. Auch wenn Du Englisch nicht lesen kannst, empfehlen wir Dir, zumindest die Fotos anzuschauen.<\/p>\n\n\n\n<p>Ich empfehle Dir auch dieses Video hier anzuschauen, in dem die Fotografin Therese Frare zu Wort kommt und viele Bilder aus ihrer Arbeit zu sehen sind. Dieses Video ist auf Englisch und gleichsprachige Untertitel sind verf\u00fcgbar.<\/p>\n\n\n\n<div style=\"height:30px\" aria-hidden=\"true\" class=\"wp-block-spacer\"><\/div>\n\n\n\n<iframe loading=\"lazy\" src=\"https:\/\/www.youtube-nocookie.com\/embed\/jxaCvvPr98E\" title=\"YouTube video player\" allow=\"accelerometer; autoplay; clipboard-write; encrypted-media; gyroscope; picture-in-picture\" allowfullscreen=\"\" width=\"1200\" height=\"675\" frameborder=\"0\"><\/iframe>\n","protected":false},"excerpt":{"rendered":"<p>Seit 2020 wissen wir genau, wie sich eine unheimliche Viruserkrankung schnell ausbreiteten und zu Tod und Elend f\u00fchren kann. Als das HI-Virus auf die Weltb\u00fchne trat, passierten viele Dinge, die wir in der Corona-Pandemie auch gesehen gaben: Vorurteile, Verleugnung und Desinformation. Ohne eindrucksvolle Bilder, h\u00e4tten auch hierzulande mehr Menschen an dem neuartigen Corona-Virus sterben k\u00f6nnen, [&hellip;]<\/p>\n","protected":false},"author":2,"featured_media":1398,"comment_status":"closed","ping_status":"open","sticky":false,"template":"","format":"standard","meta":{"ghostkit_customizer_options":"","ghostkit_custom_css":"","ghostkit_custom_js_head":"","ghostkit_custom_js_foot":"","ghostkit_typography":"","_themeisle_gutenberg_block_has_review":false,"footnotes":""},"categories":[3],"tags":[],"class_list":["post-1397","post","type-post","status-publish","format-standard","has-post-thumbnail","hentry","category-fotografiegeschichten"],"blocksy_meta":{"styles_descriptor":{"styles":{"desktop":"","tablet":"","mobile":""},"google_fonts":[],"version":6}},"_links":{"self":[{"href":"https:\/\/www.licht.schule\/blog\/wp-json\/wp\/v2\/posts\/1397","targetHints":{"allow":["GET"]}}],"collection":[{"href":"https:\/\/www.licht.schule\/blog\/wp-json\/wp\/v2\/posts"}],"about":[{"href":"https:\/\/www.licht.schule\/blog\/wp-json\/wp\/v2\/types\/post"}],"author":[{"embeddable":true,"href":"https:\/\/www.licht.schule\/blog\/wp-json\/wp\/v2\/users\/2"}],"replies":[{"embeddable":true,"href":"https:\/\/www.licht.schule\/blog\/wp-json\/wp\/v2\/comments?post=1397"}],"version-history":[{"count":0,"href":"https:\/\/www.licht.schule\/blog\/wp-json\/wp\/v2\/posts\/1397\/revisions"}],"wp:featuredmedia":[{"embeddable":true,"href":"https:\/\/www.licht.schule\/blog\/wp-json\/wp\/v2\/media\/1398"}],"wp:attachment":[{"href":"https:\/\/www.licht.schule\/blog\/wp-json\/wp\/v2\/media?parent=1397"}],"wp:term":[{"taxonomy":"category","embeddable":true,"href":"https:\/\/www.licht.schule\/blog\/wp-json\/wp\/v2\/categories?post=1397"},{"taxonomy":"post_tag","embeddable":true,"href":"https:\/\/www.licht.schule\/blog\/wp-json\/wp\/v2\/tags?post=1397"}],"curies":[{"name":"wp","href":"https:\/\/api.w.org\/{rel}","templated":true}]}}