{"id":97,"date":"2021-01-16T20:13:02","date_gmt":"2021-01-16T19:13:02","guid":{"rendered":"http:\/\/blog.licht.schule\/?p=97"},"modified":"2022-01-12T15:26:42","modified_gmt":"2022-01-12T14:26:42","slug":"portraet-triptychon","status":"publish","type":"post","link":"https:\/\/www.licht.schule\/blog\/portraet-triptychon\/","title":{"rendered":"So ordnest Du Portr\u00e4ts in einem Triptychon an"},"content":{"rendered":"\n<p class=\"has-text-align-left figcaption\">Foto: Fernando Rodrigues<\/p>\n\n\n\n<h2 data-gkt-effects=\"{&amp;quot;reveal&amp;quot;:{&amp;quot;x&amp;quot;:0,&amp;quot;y&amp;quot;:0,&amp;quot;opacity&amp;quot;:0,&amp;quot;scale&amp;quot;:0.9,&amp;quot;transition&amp;quot;:{&amp;quot;type&amp;quot;:&amp;quot;easing&amp;quot;,&amp;quot;duration&amp;quot;:0.9,&amp;quot;delay&amp;quot;:0}}}\" class=\"wp-block-heading\" >Was ist ein Triptychon \u00fcberhaupt?<\/h2>\n\n\n\n<p>Ein Triptychon ist ein dreiteiliges Bild. Es findet sich an vielen Stellen der <a href=\"https:\/\/artinwords.de\/kunstgeschichte\/\" class=\"rank-math-link\" target=\"_blank\" rel=\"noopener\">Kunstgeschichte<\/a> und ist aus vielen Gr\u00fcnden ein sehr beliebtes Format. Es ist so konzipiert, dass es gemeinsam als Einheit pr\u00e4sentiert wird. Dabei m\u00fcssen die drei Bilder nicht dasselbe Motiv zeigen, aber gestalterisch zusammenpassen. <\/p>\n\n\n\n<p>Triptychen k\u00f6nnen gro\u00df oder klein sein. Beispielsweise in Kirchen werden sie in Form einer aufklappbaren Tafel pr\u00e4sentiert. Sie werden entweder digital gemeinsam pr\u00e4sentiert oder die drei Bildteile physisch separat an die Wand geh\u00e4ngt. <\/p>\n\n\n\n<div class=\"wp-block-image\"><figure class=\"aligncenter size-full\"><img loading=\"lazy\" decoding=\"async\" width=\"1000\" height=\"666\" src=\"https:\/\/www.licht.schule\/blog\/wp-content\/uploads\/sites\/3\/triptychon_gemaelde_das_juengste_gericht_memling.jpg\" alt=\"Beispiel f\u00fcr ein Triptychon in der sakralen Kunst\" class=\"wp-image-852\" srcset=\"https:\/\/www.licht.schule\/blog\/wp-content\/uploads\/sites\/3\/triptychon_gemaelde_das_juengste_gericht_memling.jpg 1000w, https:\/\/www.licht.schule\/blog\/wp-content\/uploads\/sites\/3\/triptychon_gemaelde_das_juengste_gericht_memling-733x488.jpg 733w, https:\/\/www.licht.schule\/blog\/wp-content\/uploads\/sites\/3\/triptychon_gemaelde_das_juengste_gericht_memling-768x511.jpg 768w\" sizes=\"auto, (max-width: 1000px) 100vw, 1000px\" \/><figcaption>Gem\u00e4lde als Triptychon: Hans Memling, <em>Das J\u00fcngste Gericht<\/em> (um 1470)<\/figcaption><\/figure><\/div>\n\n\n\n<p>Es kann in jedem k\u00fcnstlerischen Medium wie der Zeichnung, Malerei und Fotografie verwendet werden, um ein beeindruckendes Gesamtkunstwerk zu schaffen oder um eine Geschichte zu erz\u00e4hlen. Ab und zu wird auch in <a href=\"https:\/\/www.licht.schule\/blog\/bei-fotowettbewerben-gewinnen\/\" class=\"rank-math-link\">Fotowettbewerben<\/a> nach der Einreichung eines Triptychons gebeten.<\/p>\n\n\n\n<div style=\"height:100px\" aria-hidden=\"true\" class=\"wp-block-spacer\"><\/div>\n\n\n\n<p><\/p>\n\n\n\n<h2 data-gkt-effects=\"{&amp;quot;reveal&amp;quot;:{&amp;quot;x&amp;quot;:0,&amp;quot;y&amp;quot;:0,&amp;quot;opacity&amp;quot;:0,&amp;quot;scale&amp;quot;:0.9,&amp;quot;transition&amp;quot;:{&amp;quot;type&amp;quot;:&amp;quot;easing&amp;quot;,&amp;quot;duration&amp;quot;:0.9,&amp;quot;delay&amp;quot;:0}}}\" class=\"wp-block-heading\" >Triptychon-Beispiele aus meiner Arbeit<\/h2>\n\n\n\n<p>F\u00fcr mich sollte eine Bildserie idealerweise auch eine Geschichte erz\u00e4hlen. Das habe ich bei den folgenden drei Fotos versucht.<\/p>\n\n\n\n<div data-gkt-effects=\"{&amp;quot;reveal&amp;quot;:{&amp;quot;x&amp;quot;:0,&amp;quot;y&amp;quot;:0,&amp;quot;opacity&amp;quot;:0,&amp;quot;scale&amp;quot;:0.9,&amp;quot;transition&amp;quot;:{&amp;quot;type&amp;quot;:&amp;quot;easing&amp;quot;,&amp;quot;duration&amp;quot;:0.9,&amp;quot;delay&amp;quot;:0}}}\" class=\"wp-block-image\" ><figure class=\"aligncenter size-full\"><img loading=\"lazy\" decoding=\"async\" width=\"1280\" height=\"535\" src=\"https:\/\/www.licht.schule\/blog\/wp-content\/uploads\/sites\/3\/triptychon_sascha-bachmann_2.jpg\" alt=\"Beispiel f\u00fcr ein Triptychon mit Portr\u00e4ts\" class=\"wp-image-890\" srcset=\"https:\/\/www.licht.schule\/blog\/wp-content\/uploads\/sites\/3\/triptychon_sascha-bachmann_2.jpg 1280w, https:\/\/www.licht.schule\/blog\/wp-content\/uploads\/sites\/3\/triptychon_sascha-bachmann_2-733x306.jpg 733w, https:\/\/www.licht.schule\/blog\/wp-content\/uploads\/sites\/3\/triptychon_sascha-bachmann_2-1200x502.jpg 1200w, https:\/\/www.licht.schule\/blog\/wp-content\/uploads\/sites\/3\/triptychon_sascha-bachmann_2-768x321.jpg 768w\" sizes=\"auto, (max-width: 1280px) 100vw, 1280px\" \/><figcaption>Fotos: Sascha Bachmann<\/figcaption><\/figure><\/div>\n\n\n\n<p data-gkt-effects=\"{&amp;quot;reveal&amp;quot;:{&amp;quot;x&amp;quot;:0,&amp;quot;y&amp;quot;:0,&amp;quot;opacity&amp;quot;:0,&amp;quot;scale&amp;quot;:1,&amp;quot;transition&amp;quot;:{&amp;quot;type&amp;quot;:&amp;quot;easing&amp;quot;,&amp;quot;duration&amp;quot;:0.9,&amp;quot;delay&amp;quot;:0}}}\" >In Kulturen, die von links nach rechts schreiben, bedeutet der Blick nach Bildlinks \u201eVergangenheit\u201c und der Blick nach Bildrechts \u201eZukunft\u201c. Im ersten Foto dieses Triptychons ist die Person im Bild nachdenklich und schaut links aus dem Bild, also in die Vergangenheit. Sie befindet sich vor einer dunklen Wand und h\u00e4lt eine kleine Blume in der Hand. Sie ist zwar kein \u201eMauerbl\u00fcmchen\u201c, sitzt aber auf einer Schiene, was stellvertretend f\u00fcr einen Weg steht, auf den sie zur\u00fcckschaut.<\/p>\n\n\n\n<p>In der Mitte hat das Fotomodell der betrachtenden Person den R\u00fccken zugekehrt, sie kommuniziert nicht mehr mit uns. Sie schaut auf den blauen Himmel mit Sch\u00e4fchenwolken. Den Himmel k\u00f6nnen wir als Symbol f\u00fcr \u201eFreiheit\u201c oder \u201eBefreiung\u201c deuten.<\/p>\n\n\n\n<p data-gkt-effects=\"{&amp;quot;reveal&amp;quot;:{&amp;quot;x&amp;quot;:0,&amp;quot;y&amp;quot;:0,&amp;quot;opacity&amp;quot;:0,&amp;quot;scale&amp;quot;:1,&amp;quot;transition&amp;quot;:{&amp;quot;type&amp;quot;:&amp;quot;easing&amp;quot;,&amp;quot;duration&amp;quot;:0.9,&amp;quot;delay&amp;quot;:0}}}\" >Zu guter Letzt haben wir das letzte Bild, auf dem sie l\u00e4chelt. Hinter ihr entleert die Feuerwehr einen Wassertank. Die entstehenden Font\u00e4nen haben etwas von Feuerwerk, von Feierlichkeit. Die Schiene, der Weg, befindet sich jetzt hinter ihr. Sie ist fr\u00f6hlich und schaut rechts aus dem Bild in die Zukunft.<\/p>\n\n\n\n<p data-gkt-effects=\"{&amp;quot;reveal&amp;quot;:{&amp;quot;x&amp;quot;:0,&amp;quot;y&amp;quot;:0,&amp;quot;opacity&amp;quot;:0,&amp;quot;scale&amp;quot;:1,&amp;quot;transition&amp;quot;:{&amp;quot;type&amp;quot;:&amp;quot;easing&amp;quot;,&amp;quot;duration&amp;quot;:0.9,&amp;quot;delay&amp;quot;:0}}}\" >Tats\u00e4chlich hatte die abgebildete Person gerade eine Trennung hinter sich und diesen Fototermin von einer Freundin geschenkt bekommen. In diesem Triptychon wollte ich diese Geschichte abbilden.<\/p>\n\n\n\n<div style=\"height:50px\" aria-hidden=\"true\" class=\"wp-block-spacer\"><\/div>\n\n\n\n<div data-gkt-effects=\"{&amp;quot;reveal&amp;quot;:{&amp;quot;x&amp;quot;:0,&amp;quot;y&amp;quot;:0,&amp;quot;opacity&amp;quot;:0,&amp;quot;scale&amp;quot;:0.9,&amp;quot;transition&amp;quot;:{&amp;quot;type&amp;quot;:&amp;quot;easing&amp;quot;,&amp;quot;duration&amp;quot;:0.9,&amp;quot;delay&amp;quot;:0}}}\" class=\"wp-block-image\" ><figure class=\"aligncenter size-full\"><img loading=\"lazy\" decoding=\"async\" width=\"1280\" height=\"580\" src=\"https:\/\/www.licht.schule\/blog\/wp-content\/uploads\/sites\/3\/triptychon_sascha-bachmann_3.jpg\" alt=\"Beispiel f\u00fcr ein Triptychon mit Portr\u00e4ts\" class=\"wp-image-843\" srcset=\"https:\/\/www.licht.schule\/blog\/wp-content\/uploads\/sites\/3\/triptychon_sascha-bachmann_3.jpg 1280w, https:\/\/www.licht.schule\/blog\/wp-content\/uploads\/sites\/3\/triptychon_sascha-bachmann_3-733x332.jpg 733w, https:\/\/www.licht.schule\/blog\/wp-content\/uploads\/sites\/3\/triptychon_sascha-bachmann_3-1200x544.jpg 1200w, https:\/\/www.licht.schule\/blog\/wp-content\/uploads\/sites\/3\/triptychon_sascha-bachmann_3-768x348.jpg 768w\" sizes=\"auto, (max-width: 1280px) 100vw, 1280px\" \/><figcaption>Fotos: Sascha Bachmann<\/figcaption><\/figure><\/div>\n\n\n\n<p>Die Bildformate links und rechts sollten immer gleich sein, um ein wirklich stimmiges Bild zu ergeben. Diese Kombination hier \u00e4hnelt der, die wir aus Kirchen kennen: In der Mitte ein Quadrat, links und rechts ein Hochformat. W\u00e4ren die \u00e4u\u00dferen Fotos T\u00fcren, lie\u00dfen sie sich schlie\u00dfen.<\/p>\n\n\n\n<p>Serena kommt aus Sydney und ist mit einer sehr christlichen Mutter aufgewachsen. Das wollte ich mit stimmungsvollen und eingekehrten Bildern reflektieren.<\/p>\n\n\n\n<div style=\"height:50px\" aria-hidden=\"true\" class=\"wp-block-spacer\"><\/div>\n\n\n\n<div data-gkt-effects=\"{&amp;quot;reveal&amp;quot;:{&amp;quot;x&amp;quot;:0,&amp;quot;y&amp;quot;:0,&amp;quot;opacity&amp;quot;:0,&amp;quot;scale&amp;quot;:0.9,&amp;quot;transition&amp;quot;:{&amp;quot;type&amp;quot;:&amp;quot;easing&amp;quot;,&amp;quot;duration&amp;quot;:0.9,&amp;quot;delay&amp;quot;:0}}}\" class=\"wp-block-image\" ><figure class=\"aligncenter size-full\"><img loading=\"lazy\" decoding=\"async\" width=\"1280\" height=\"580\" src=\"https:\/\/www.licht.schule\/blog\/wp-content\/uploads\/sites\/3\/triptychon_sascha-bachmann_1.jpg\" alt=\"Beispiel f\u00fcr ein Triptychon mit Portr\u00e4ts\" class=\"wp-image-842\" srcset=\"https:\/\/www.licht.schule\/blog\/wp-content\/uploads\/sites\/3\/triptychon_sascha-bachmann_1.jpg 1280w, https:\/\/www.licht.schule\/blog\/wp-content\/uploads\/sites\/3\/triptychon_sascha-bachmann_1-733x332.jpg 733w, https:\/\/www.licht.schule\/blog\/wp-content\/uploads\/sites\/3\/triptychon_sascha-bachmann_1-1200x544.jpg 1200w, https:\/\/www.licht.schule\/blog\/wp-content\/uploads\/sites\/3\/triptychon_sascha-bachmann_1-768x348.jpg 768w\" sizes=\"auto, (max-width: 1280px) 100vw, 1280px\" \/><figcaption>Fotos: Sascha Bachmann<\/figcaption><\/figure><\/div>\n\n\n\n<p>Aus dieser Portr\u00e4tserie lie\u00df sich auch eine kleine Geschichte bauen, wobei ich wieder auf die Kombination von zwei Quer- und einem Hochformat zur\u00fcckgegriffen habe.<\/p>\n\n\n\n<p>Das Fotomodell schaut im ersten und letzten Bild in die Kamera, ist aber am Anfang reserviert und im letzten aufgeschlossen. Beide Bilder haben das Format, welches wir aus Filmen kennen.<\/p>\n\n\n\n<p>In der Mitte jedoch steht ein Hochformat. Sie ist erh\u00f6ht, es gibt eine Treppe, die aufgestiegen werden muss zu ihr. Nachdem ihr dieser Respekt gezollt wird, ist sie im letzten Foto nicht mehr reserviert, sondern hat eine offene K\u00f6rpersprache.<\/p>\n\n\n\n<div style=\"height:50px\" aria-hidden=\"true\" class=\"wp-block-spacer\"><\/div>\n\n\n\n<h2 class=\"wp-block-heading\">Zwei weitere Beispiele f\u00fcr Portr\u00e4t-Triptychen<\/h2>\n\n\n\n<div data-gkt-effects=\"{&amp;quot;reveal&amp;quot;:{&amp;quot;x&amp;quot;:0,&amp;quot;y&amp;quot;:0,&amp;quot;opacity&amp;quot;:0,&amp;quot;scale&amp;quot;:0.9,&amp;quot;transition&amp;quot;:{&amp;quot;type&amp;quot;:&amp;quot;easing&amp;quot;,&amp;quot;duration&amp;quot;:0.9,&amp;quot;delay&amp;quot;:0}}}\" class=\"wp-block-image\" ><figure class=\"aligncenter size-full\"><img loading=\"lazy\" decoding=\"async\" width=\"1280\" height=\"720\" src=\"https:\/\/www.licht.schule\/blog\/wp-content\/uploads\/sites\/3\/triptychon_leilani-angel.jpg\" alt=\"Beispiel f\u00fcr ein Triptychon mit Portr\u00e4ts\" class=\"wp-image-892\" srcset=\"https:\/\/www.licht.schule\/blog\/wp-content\/uploads\/sites\/3\/triptychon_leilani-angel.jpg 1280w, https:\/\/www.licht.schule\/blog\/wp-content\/uploads\/sites\/3\/triptychon_leilani-angel-733x412.jpg 733w, https:\/\/www.licht.schule\/blog\/wp-content\/uploads\/sites\/3\/triptychon_leilani-angel-1200x675.jpg 1200w, https:\/\/www.licht.schule\/blog\/wp-content\/uploads\/sites\/3\/triptychon_leilani-angel-768x432.jpg 768w\" sizes=\"auto, (max-width: 1280px) 100vw, 1280px\" \/><figcaption>Fotos: Leilani Angel<\/figcaption><\/figure><\/div>\n\n\n\n<p>Diese Portr\u00e4ts der Designerin Leilani Angel habe ich in dieser Reihenfolge angeordnet und zur Abwechslung drei Hochformate gew\u00e4hlt. Mir gef\u00e4llt es, wenn das mittlere Bild gr\u00f6\u00dfer ist, aber das ist reine Geschmackssache.<\/p>\n\n\n\n<p>Das Modell kenne ich nicht pers\u00f6nlich, aber mir ist die Fr\u00f6hlichkeit aufgefallen. Vielleicht ist sie Nervosit\u00e4t geschuldet? Die Person im Bild verschr\u00e4nkt zwar die Arme, aber ist trotzdem nicht verschlossen. Nicht immer bedeuten verschlossene Arme auch Abstand zum betrachtenden Menschen. In diesem Fall kann es auch W\u00e4rme und Selbstliebe bedeuten.<\/p>\n\n\n\n<p>F\u00fcr das mittlere Foto habe ich einen meditativen Moment gew\u00e4hlt und eine Perspektive, die nicht dem klassischen Portr\u00e4t entspricht. Auf dem dritten Foto ist das Modell eingekehrt, ruhiger und wirkt auf mich ehrlicher und hat mehr Vertrauen gegen\u00fcber der Kamera. Auch ist der Hintergrund jetzt viel ruhiger, was mit der Emotion der Person korrespondiert.<\/p>\n\n\n\n<p>An der Position der Armbanduhr kannst Du sehen, dass ich erste Foto gespiegelt habe. Das habe ich auch beim letzten Bild im ersten Beispiel getan. Es passt so einfach besser in die Gesamtkomposition und erm\u00f6glicht eine besser passende Gestaltung.<\/p>\n\n\n\n<div style=\"height:50px\" aria-hidden=\"true\" class=\"wp-block-spacer\"><\/div>\n\n\n\n<div data-gkt-effects=\"{&amp;quot;reveal&amp;quot;:{&amp;quot;x&amp;quot;:0,&amp;quot;y&amp;quot;:0,&amp;quot;opacity&amp;quot;:0,&amp;quot;scale&amp;quot;:0.9,&amp;quot;transition&amp;quot;:{&amp;quot;type&amp;quot;:&amp;quot;easing&amp;quot;,&amp;quot;duration&amp;quot;:0.9,&amp;quot;delay&amp;quot;:0}}}\" class=\"wp-block-image\" ><figure class=\"aligncenter size-full\"><img loading=\"lazy\" decoding=\"async\" width=\"1280\" height=\"345\" src=\"https:\/\/www.licht.schule\/blog\/wp-content\/uploads\/sites\/3\/triptychon_bsp_mitchell-griest.jpg\" alt=\"\" class=\"wp-image-898\" srcset=\"https:\/\/www.licht.schule\/blog\/wp-content\/uploads\/sites\/3\/triptychon_bsp_mitchell-griest.jpg 1280w, https:\/\/www.licht.schule\/blog\/wp-content\/uploads\/sites\/3\/triptychon_bsp_mitchell-griest-733x198.jpg 733w, https:\/\/www.licht.schule\/blog\/wp-content\/uploads\/sites\/3\/triptychon_bsp_mitchell-griest-1200x323.jpg 1200w, https:\/\/www.licht.schule\/blog\/wp-content\/uploads\/sites\/3\/triptychon_bsp_mitchell-griest-768x207.jpg 768w\" sizes=\"auto, (max-width: 1280px) 100vw, 1280px\" \/><figcaption>Fotos: Mitchell Griest<\/figcaption><\/figure><\/div>\n\n\n\n<p>In diesem Triptychon vom K\u00fcnstler <a href=\"https:\/\/griestprojects.com\/about\" class=\"rank-math-link\" target=\"_blank\" rel=\"noopener\">Mitchell Griest<\/a> habe ich das \u201eklassische\u201c Portr\u00e4t in der Mitte positioniert. Es ist eine Gro\u00dfaufnahme vom Gesicht des Fotomodells, dadurch wird eine intime N\u00e4he aufgebaut.<\/p>\n\n\n\n<p>Links uns rechts eingerahmt ist es von Portr\u00e4ts in der Einstellungsgr\u00f6\u00dfe \u201enah\u201c, bei der es einen Abstand gibt, den wir aus normalen zwischenmenschlichen Interaktionen gewohnt sind. Das Modell versteckt sich und streckt die Zunge raus, ist also spielerisch.<\/p>\n\n\n\n<p>Ich habe diese Kombination f\u00fcr das Triptychon gew\u00e4hlt, um das vorher und nachher eines Fototermins zu zeigen. Das Modell kann noch so \u201eseri\u00f6s\u201c in die Kamera schauen, am Ende ist es doch immer eine sehr k\u00fcnstliche Situation, die durch Sp\u00e4\u00dfe und Grimassen gelockert werden muss. Nur so entsteht am Ende auch ein gutes Portr\u00e4t, wenn man sich weder als fotografierende noch als fotografierte Person zu ernst nimmt.<\/p>\n\n\n\n<div style=\"height:75px\" aria-hidden=\"true\" class=\"wp-block-spacer\"><\/div>\n\n\n\n<h2 class=\"wp-block-heading\">Praktische Anwendung in sozialen Medien<\/h2>\n\n\n\n<div class=\"wp-block-media-text alignwide is-stacked-on-mobile border shadow ghostkit-custom-Z29YPsE\"><figure class=\"wp-block-media-text__media\"><a href=\"https:\/\/www.instagram.com\/still_sascha\/\" target=\"_blank\" rel=\"nofollow noopener\"><img loading=\"lazy\" decoding=\"async\" width=\"967\" height=\"900\" src=\"https:\/\/www.licht.schule\/blog\/wp-content\/uploads\/sites\/3\/ig-profil_sb-967x900.jpg\" alt=\"\" class=\"wp-image-872 size-large\" srcset=\"https:\/\/www.licht.schule\/blog\/wp-content\/uploads\/sites\/3\/ig-profil_sb-967x900.jpg 967w, https:\/\/www.licht.schule\/blog\/wp-content\/uploads\/sites\/3\/ig-profil_sb-537x500.jpg 537w, https:\/\/www.licht.schule\/blog\/wp-content\/uploads\/sites\/3\/ig-profil_sb-768x715.jpg 768w, https:\/\/www.licht.schule\/blog\/wp-content\/uploads\/sites\/3\/ig-profil_sb.jpg 1204w\" sizes=\"auto, (max-width: 967px) 100vw, 967px\" \/><\/a><\/figure><div class=\"wp-block-media-text__content\">\n<p>Wie viele meiner Kolleg*innen nutze auch ich <a href=\"https:\/\/www.instagram.com\/still_sascha\/\" target=\"_blank\" rel=\"noopener\">mein Instagramprofil<\/a> als ein Portfolio, in diesem Fall f\u00fcr die Pr\u00e4sentation meiner k\u00fcnstlerischen Schwarzwei\u00df-Fotografien. Dort ist jede Zeile im Profil ein Triptychon.<\/p>\n\n\n\n<p>Die zus\u00e4tzliche Herausforderung ist vielleicht, dass im Instagram-Feed dieses Triptychon verloren geht und die Fotos einzeln funktionieren m\u00fcssen, wenn sie aber zur gleichen Zeit gepostet werden, befinden sie sich direkt untereinander und entfalten so auch gemeinsam ihre Wirkung.<\/p>\n\n\n\n<p>Beachte beim Posten von Triptychen: Zuerst wird das rechte Bild publiziert, dann das mittlere und abschlie\u00dfend das linke der Bilder. Die Reihenfolge ist also umgekehrt.<\/p>\n<\/div><\/div>\n\n\n\n<div style=\"height:75px\" aria-hidden=\"true\" class=\"wp-block-spacer\"><\/div>\n\n\n\n<h2 class=\"wp-block-heading\">Fazit<\/h2>\n\n\n\n<p>Triptychen sind eine meiner liebsten Darstellungen von Bilderserien. Sie k\u00f6nnen eine Geschichte erz\u00e4hlen und funktionieren unglaublich gut im digitalen Raum oder ausgedruckt an W\u00e4nden.<\/p>\n\n\n\n<p>Gerade im Bereich Portr\u00e4tfotografie besteht die Neigung dazu, viel zu viele Fotos zu publizieren. Sich nach einem Portr\u00e4ttermin auf drei Fotos zu beschr\u00e4nken und nur diese zu ver\u00f6ffentlichen, verbessert insgesamt die Qualit\u00e4t der eigenen Arbeiten. Einfach mal ausprobieren, es lohnt sich!<\/p>\n\n\n\n<div style=\"height:100px\" aria-hidden=\"true\" class=\"wp-block-spacer\"><\/div>\n\n\n","protected":false},"excerpt":{"rendered":"<p>Foto: Fernando Rodrigues Was ist ein Triptychon \u00fcberhaupt? Ein Triptychon ist ein dreiteiliges Bild. Es findet sich an vielen Stellen der Kunstgeschichte und ist aus vielen Gr\u00fcnden ein sehr beliebtes Format. Es ist so konzipiert, dass es gemeinsam als Einheit pr\u00e4sentiert wird. Dabei m\u00fcssen die drei Bilder nicht dasselbe Motiv zeigen, aber gestalterisch zusammenpassen. Triptychen [&hellip;]<\/p>\n","protected":false},"author":2,"featured_media":126,"comment_status":"closed","ping_status":"open","sticky":false,"template":"","format":"standard","meta":{"ghostkit_customizer_options":"","ghostkit_custom_css":"","ghostkit_custom_js_head":"","ghostkit_custom_js_foot":"","ghostkit_typography":"","_themeisle_gutenberg_block_has_review":false,"footnotes":""},"categories":[10],"tags":[6,5],"class_list":["post-97","post","type-post","status-publish","format-standard","has-post-thumbnail","hentry","category-bildgestaltung","tag-portraetfotografie","tag-triptychon"],"blocksy_meta":{"styles_descriptor":{"styles":{"desktop":"","tablet":"","mobile":""},"google_fonts":[],"version":6}},"_links":{"self":[{"href":"https:\/\/www.licht.schule\/blog\/wp-json\/wp\/v2\/posts\/97","targetHints":{"allow":["GET"]}}],"collection":[{"href":"https:\/\/www.licht.schule\/blog\/wp-json\/wp\/v2\/posts"}],"about":[{"href":"https:\/\/www.licht.schule\/blog\/wp-json\/wp\/v2\/types\/post"}],"author":[{"embeddable":true,"href":"https:\/\/www.licht.schule\/blog\/wp-json\/wp\/v2\/users\/2"}],"replies":[{"embeddable":true,"href":"https:\/\/www.licht.schule\/blog\/wp-json\/wp\/v2\/comments?post=97"}],"version-history":[{"count":0,"href":"https:\/\/www.licht.schule\/blog\/wp-json\/wp\/v2\/posts\/97\/revisions"}],"wp:featuredmedia":[{"embeddable":true,"href":"https:\/\/www.licht.schule\/blog\/wp-json\/wp\/v2\/media\/126"}],"wp:attachment":[{"href":"https:\/\/www.licht.schule\/blog\/wp-json\/wp\/v2\/media?parent=97"}],"wp:term":[{"taxonomy":"category","embeddable":true,"href":"https:\/\/www.licht.schule\/blog\/wp-json\/wp\/v2\/categories?post=97"},{"taxonomy":"post_tag","embeddable":true,"href":"https:\/\/www.licht.schule\/blog\/wp-json\/wp\/v2\/tags?post=97"}],"curies":[{"name":"wp","href":"https:\/\/api.w.org\/{rel}","templated":true}]}}